{"id":2188,"date":"2026-09-04T20:27:31","date_gmt":"2026-09-04T18:27:31","guid":{"rendered":"https:\/\/geisenheimerweinreimer.de\/?p=2188"},"modified":"2026-09-04T20:31:06","modified_gmt":"2026-09-04T18:31:06","slug":"geisenheimer-weinwanderung-2026","status":"publish","type":"post","link":"https:\/\/geisenheimerweinreimer.de\/?p=2188","title":{"rendered":"Geisenheimer Weinwanderung 2026"},"content":{"rendered":"\n<p>Am Samstag, den 1. August 2026, durften wir einen wundersch\u00f6nen Tag \u2600\ufe0f bei der Geisenheimer Weinwanderung erleben. Bei nahezu perfektem Wetter ging es auf eine genussvolle Tour durch die Geisenheimer Weinberge. \ud83c\udf77<\/p>\n\n\n\n<p>Vom Weingut Hof Rheinblick f\u00fchrte unser Weg zun\u00e4chst zum Tannenhof, wo wir auch Klaus Holschier trafen. Anschlie\u00dfend ging es hinein in die Weinberge, wo uns das Weingut Johannishof erwartete. Weiter ging es zum Weingut Chat Sauvage und anschlie\u00dfend zum Weingut Stephan Oehlke.<\/p>\n\n\n\n<p>\u00dcber den Rothenberg f\u00fchrte die Tour weiter zu den Weing\u00fctern Dillmann und Werner Weinbau. Nach dem Abstieg empfingen uns das Weingut Grimm und das Weingut der Hochschule Geisenheim. In der Stadt wartete schlie\u00dflich noch das Weingut Graf-M\u00fcller auf uns.<\/p>\n\n\n\n<p>Den wundersch\u00f6nen Tag lie\u00dfen wir beim Sommernachtsfest des GKC Geisenheim gem\u00fctlich ausklingen. \ud83c\udf19\ud83c\udf77<\/p>\n\n\n\n<p>Vielen Dank an alle Beteiligten f\u00fcr diesen tollen Tag und euren Einsatz! \ud83d\ude4f\ud83c\udffc\u2764\ufe0f<\/p>\n\n\n\n<figure class=\"wp-block-image size-large\"><a href=\"https:\/\/geisenheimerweinreimer.de\/wp-content\/uploads\/2026\/09\/Weinwanderung-2026.jpeg\"><img loading=\"lazy\" decoding=\"async\" width=\"1024\" height=\"799\" src=\"https:\/\/geisenheimerweinreimer.de\/wp-content\/uploads\/2026\/09\/Weinwanderung-2026-1024x799.jpeg\" alt=\"\" class=\"wp-image-2190\" srcset=\"https:\/\/geisenheimerweinreimer.de\/wp-content\/uploads\/2026\/09\/Weinwanderung-2026-1024x799.jpeg 1024w, https:\/\/geisenheimerweinreimer.de\/wp-content\/uploads\/2026\/09\/Weinwanderung-2026-300x234.jpeg 300w, https:\/\/geisenheimerweinreimer.de\/wp-content\/uploads\/2026\/09\/Weinwanderung-2026-768x600.jpeg 768w, https:\/\/geisenheimerweinreimer.de\/wp-content\/uploads\/2026\/09\/Weinwanderung-2026-1536x1199.jpeg 1536w, https:\/\/geisenheimerweinreimer.de\/wp-content\/uploads\/2026\/09\/Weinwanderung-2026.jpeg 1600w\" sizes=\"auto, (max-width: 1024px) 100vw, 1024px\" \/><\/a><\/figure>\n","protected":false},"excerpt":{"rendered":"<p>Am Samstag, den 1. August 2026, durften wir einen wundersch\u00f6nen Tag \u2600\ufe0f bei der Geisenheimer Weinwanderung erleben. Bei nahezu perfektem Wetter ging es auf eine genussvolle Tour durch die Geisenheimer Weinberge. \ud83c\udf77 Vom Weingut Hof Rheinblick f\u00fchrte unser Weg zun\u00e4chst zum Tannenhof, wo wir auch Klaus Holschier trafen. Anschlie\u00dfend ging es hinein in die Weinberge, [&hellip;]<\/p>\n","protected":false},"author":4,"featured_media":2189,"comment_status":"closed","ping_status":"closed","sticky":false,"template":"","format":"standard","meta":{"footnotes":""},"categories":[21,18],"tags":[],"class_list":["post-2188","post","type-post","status-publish","format-standard","has-post-thumbnail","hentry","category-allgemein","category-event"],"_links":{"self":[{"href":"https:\/\/geisenheimerweinreimer.de\/index.php?rest_route=\/wp\/v2\/posts\/2188","targetHints":{"allow":["GET"]}}],"collection":[{"href":"https:\/\/geisenheimerweinreimer.de\/index.php?rest_route=\/wp\/v2\/posts"}],"about":[{"href":"https:\/\/geisenheimerweinreimer.de\/index.php?rest_route=\/wp\/v2\/types\/post"}],"author":[{"embeddable":true,"href":"https:\/\/geisenheimerweinreimer.de\/index.php?rest_route=\/wp\/v2\/users\/4"}],"replies":[{"embeddable":true,"href":"https:\/\/geisenheimerweinreimer.de\/index.php?rest_route=%2Fwp%2Fv2%2Fcomments&post=2188"}],"version-history":[{"count":1,"href":"https:\/\/geisenheimerweinreimer.de\/index.php?rest_route=\/wp\/v2\/posts\/2188\/revisions"}],"predecessor-version":[{"id":2191,"href":"https:\/\/geisenheimerweinreimer.de\/index.php?rest_route=\/wp\/v2\/posts\/2188\/revisions\/2191"}],"wp:featuredmedia":[{"embeddable":true,"href":"https:\/\/geisenheimerweinreimer.de\/index.php?rest_route=\/wp\/v2\/media\/2189"}],"wp:attachment":[{"href":"https:\/\/geisenheimerweinreimer.de\/index.php?rest_route=%2Fwp%2Fv2%2Fmedia&parent=2188"}],"wp:term":[{"taxonomy":"category","embeddable":true,"href":"https:\/\/geisenheimerweinreimer.de\/index.php?rest_route=%2Fwp%2Fv2%2Fcategories&post=2188"},{"taxonomy":"post_tag","embeddable":true,"href":"https:\/\/geisenheimerweinreimer.de\/index.php?rest_route=%2Fwp%2Fv2%2Ftags&post=2188"}],"curies":[{"name":"wp","href":"https:\/\/api.w.org\/{rel}","templated":true}]}}